[{"@context":"https:\/\/schema.org\/","@type":"Article","@id":"https:\/\/www.mibes.sk\/slnecne-luce-potrapia-pokozku-aj-tych-najmensich\/#Article","mainEntityOfPage":"https:\/\/www.mibes.sk\/slnecne-luce-potrapia-pokozku-aj-tych-najmensich\/","headline":"Slne\u010dn\u00e9 l\u00fa\u010de potr\u00e1pia poko\u017eku aj t\u00fdch najmen\u0161\u00edch","name":"Slne\u010dn\u00e9 l\u00fa\u010de potr\u00e1pia poko\u017eku aj t\u00fdch najmen\u0161\u00edch","description":"Hor\u00fa\u010davy a\u00a0slne\u010dn\u00e9 l\u00fa\u010de netr\u00e1pia len n\u00e1s dospel\u00fdch, ale aj deti, a\u00a0to od \u00fatleho veku. Ak va\u0161e b\u00e1b\u00e4tko dosiahne v\u00a0lete vek, kedy u\u017e m\u00f4\u017ee pravidelne chodi\u0165 na \u010derstv\u00fd vzduch, nezabudnite chr\u00e1ni\u0165 jeho poko\u017eku. Je samozrejme d\u00f4le\u017eit\u00e9 zabr\u00e1ni\u0165 \u00fapalu a\u00a0in\u00fdm komplik\u00e1ci\u00e1m, ktor\u00e9 m\u00f4\u017eu sp\u00f4sobi\u0165 hor\u00fa\u010davy a\u00a0slnko. V\u00a0nasleduj\u00facich riadkoch sa v\u0161ak zameriame pr\u00e1ve na detsk\u00fa poko\u017eku. \u00a0 Detsk\u00e1 [&hellip;]","datePublished":"2019-05-23","dateModified":"2019-05-23","author":{"@type":"Person","@id":"https:\/\/www.mibes.sk\/author\/#Person","name":"","url":"https:\/\/www.mibes.sk\/author\/","identifier":1,"image":{"@type":"ImageObject","@id":"https:\/\/secure.gravatar.com\/avatar\/c61c2d82e330ff9c70cf023b4c62d411e8407bcb38f85df591fa270717754b44?s=96&d=mm&r=g","url":"https:\/\/secure.gravatar.com\/avatar\/c61c2d82e330ff9c70cf023b4c62d411e8407bcb38f85df591fa270717754b44?s=96&d=mm&r=g","height":96,"width":96}},"publisher":{"@type":"Organization","name":"mibes.sk","logo":{"@type":"ImageObject","@id":"\/logo.png","url":"\/logo.png","width":600,"height":60}},"image":{"@type":"ImageObject","@id":"https:\/\/www.mibes.sk\/wp-content\/uploads\/img_a301599_w2015_t1559056925.jpg","url":"https:\/\/www.mibes.sk\/wp-content\/uploads\/img_a301599_w2015_t1559056925.jpg","height":0,"width":0},"url":"https:\/\/www.mibes.sk\/slnecne-luce-potrapia-pokozku-aj-tych-najmensich\/","wordCount":416,"articleBody":"Hor\u00fa\u010davy a\u00a0slne\u010dn\u00e9 l\u00fa\u010de netr\u00e1pia len n\u00e1s dospel\u00fdch, ale aj deti, a\u00a0to od \u00fatleho veku. Ak va\u0161e b\u00e1b\u00e4tko dosiahne v\u00a0lete vek, kedy u\u017e m\u00f4\u017ee pravidelne chodi\u0165 na \u010derstv\u00fd vzduch, nezabudnite chr\u00e1ni\u0165 jeho poko\u017eku. Je samozrejme d\u00f4le\u017eit\u00e9 zabr\u00e1ni\u0165 \u00fapalu a\u00a0in\u00fdm komplik\u00e1ci\u00e1m, ktor\u00e9 m\u00f4\u017eu sp\u00f4sobi\u0165 hor\u00fa\u010davy a\u00a0slnko. V\u00a0nasleduj\u00facich riadkoch sa v\u0161ak zameriame pr\u00e1ve na detsk\u00fa poko\u017eku.\u00a0\tDetsk\u00e1 poko\u017eka potrebuje extra starostlivos\u0165\u00a0Ur\u010dite viete, \u017ee detsk\u00e1 ko\u017ea je na dotyk extr\u00e9mne jemn\u00e1. Kv\u00f4li tomu je aj extr\u00e9mne citliv\u00e1. Ak by ste b\u00e1b\u00e4tko po k\u00fapan\u00ed pravidelne nenatierali, poko\u017eka by mu neskuto\u010dne vyschla. To ist\u00e9 plat\u00ed aj o\u00a0slne\u010dn\u00fdch l\u00fa\u010dov. Tie s\u00fa pre \u0148u dokonca e\u0161te hor\u0161ie. Neznamen\u00e1 to, \u017ee so svojim die\u0165a\u0165om nem\u00e1te vyjs\u0165 von. D\u00f4le\u017eit\u00e9 je sk\u00f4r to, aby ste sa na slnku nezdr\u017eiavali pr\u00edli\u0161 dlho. Detsk\u00e9 tel\u00ed\u010dko by malo by\u0165 zakryt\u00e9 oble\u010den\u00edm, teda aspo\u0148 tak, ako to ide. Na prech\u00e1dzku je vhodnej\u0161ie r\u00e1no, alebo podve\u010der. \u010casti d\u0148a, kedy slnko p\u00e1li najviac, rad\u0161ej str\u00e1vte v\u00a0pr\u00edjemnom tieni, alebo byte.\u00a0\tSpr\u00e1vny kr\u00e9m\u00a0Tak ako poko\u017eka dospel\u00fdch, aj t\u00e1 detsk\u00e1 potrebuje hydrat\u00e1ciu. V\u00a0lete nie je probl\u00e9mom len samotn\u00e9 slnko, ale taktie\u017e such\u00fd vzduch. Preto svoje b\u00e1b\u00e4tko natierajte omnoho viac. M\u00f4\u017eete osta\u0165 pri detskom oleji, alebo kr\u00e9me, ktor\u00fd pou\u017e\u00edvate be\u017ene. Dajte si ale pozor na pr\u00edli\u0161 mastn\u00e9 pr\u00edpravky. Ak ste sa u\u017e niekedy v\u00a0lete natreli mastn\u00fdm kr\u00e9mom, telov\u00fdm maslom, alebo olejom, viete \u010do sa stane ke\u010f na v\u00e1s za\u010dne p\u00e1li\u0165 slnko. Kr\u00e9m sa za\u010dne na tele topi\u0165 a\u00a0vy sa c\u00edtite ako kus mastn\u00e9ho p\u00e1rku. To ist\u00e9 sa stane aj v\u00e1\u0161mu die\u0165a\u0165u. Nie je to pr\u00edjemn\u00e9 ani pre v\u00e1s, a\u00a0ani pre neho. Preto siahnite sk\u00f4r po kr\u00e9moch s\u00a0hydrata\u010dn\u00fdm \u00fa\u010dinkom.\u00a0Ak viete, \u017ee sa na slnku budete zdr\u017eiava\u0165 \u010do i\u00a0len o\u00a0min\u00fatu dlh\u0161ie, ur\u010dite pou\u017eite aj opa\u013eovac\u00ed kr\u00e9m pre deti. Na podr\u00e1\u017eden\u00fa, alebo extr\u00e9mne vysu\u0161en\u00fa poko\u017eku, pou\u017eite kr\u00e9m z\u00a0necht\u00edka lek\u00e1rskeho.                                                                                                                                                                                                                                                                                                                                                                                        5\/5 - (2 votes)        "},{"@context":"https:\/\/schema.org\/","@type":"BreadcrumbList","itemListElement":[{"@type":"ListItem","position":1,"name":"Slne\u010dn\u00e9 l\u00fa\u010de potr\u00e1pia poko\u017eku aj t\u00fdch najmen\u0161\u00edch","item":"https:\/\/www.mibes.sk\/slnecne-luce-potrapia-pokozku-aj-tych-najmensich\/#breadcrumbitem"}]}]